{"id":1920,"date":"2025-04-13T15:24:24","date_gmt":"2025-04-13T14:24:24","guid":{"rendered":"https:\/\/isi-beritt.com\/?p=1920"},"modified":"2025-04-27T16:03:47","modified_gmt":"2025-04-27T15:03:47","slug":"13-04-2025","status":"publish","type":"post","link":"https:\/\/isi-beritt.com\/index.php\/13-04-2025\/","title":{"rendered":"13.04.2025"},"content":{"rendered":"\n<p>Ungew\u00f6hnliches, zumeist abwehrendes Verhalten von Pferden, ob pl\u00f6tzlich oder schleichend auftretend, passiert nie ohne Grund.<\/p>\n\n\n\n<p>Es k\u00f6nnen k\u00f6rperliche Schmerzen aufgrund von unpassender Ausr\u00fcstung, Wirbelblockaden oder \u00c4hnliches vorliegen. Ebenso treten aber auch bei unseren Tieren psychische oder geistige Probleme auf. Die Gr\u00fcnde sind vielf\u00e4ltig, wie man sich vorstellen kann.<\/p>\n\n\n\n<p>Ich m\u00f6chte an dieser Stelle all jene lobend erw\u00e4hnen, die sich einer solchen Problematik zum Wohle des Pferdes annehmen. Einerseits nat\u00fcrlich die verantwortungsvollen Besitzer, andererseits die Fachleute, die auf den verschiedenen Gebieten ihre wertvollen Dienste anbieten, seien dies Tier\u00e4rzte, Osteopathen, Therapeuten, Sattler, Hufbearbeiter und viele weitere.<\/p>\n\n\n\n<p>Manchmal k\u00f6nnen wir sogar Vorsorge treffen, um das eine oder andere Problem gar nicht erst entstehen zu lassen, indem wir beispielsweise schon dem Jungpferd zum Einreiten einen passenden Sattel bieten und diesen auch sp\u00e4ter regelm\u00e4\u00dfig kontrollieren lassen. \u00c4hnliches gilt nat\u00fcrlich auch f\u00fcr die weiteren Fachgebiete.<\/p>\n\n\n\n<p>Wichtig dabei finde ich, dass wir lernen, auf unser Pferd zu &#8222;h\u00f6ren&#8220; und dabei unserem Gef\u00fchl zu vertrauen. So merken wir am schnellsten, wenn etwas nicht stimmt.<\/p>\n\n\n\n<div class=\"wp-block-columns is-layout-flex wp-container-core-columns-is-layout-9d6595d7 wp-block-columns-is-layout-flex\">\n<div class=\"wp-block-column is-layout-flow wp-block-column-is-layout-flow\"><\/div>\n\n\n\n<div class=\"wp-block-column is-layout-flow wp-block-column-is-layout-flow\"><\/div>\n<\/div>\n","protected":false},"excerpt":{"rendered":"<p>Ungew\u00f6hnliches, zumeist abwehrendes Verhalten von Pferden, ob pl\u00f6tzlich oder schleichend auftretend, passiert nie ohne Grund. Es k\u00f6nnen k\u00f6rperliche Schmerzen aufgrund von unpassender Ausr\u00fcstung, Wirbelblockaden oder \u00c4hnliches vorliegen. Ebenso treten aber auch bei unseren Tieren psychische oder geistige Probleme auf. Die Gr\u00fcnde sind vielf\u00e4ltig, wie man sich vorstellen kann. Ich m\u00f6chte an dieser Stelle all jene&hellip;&nbsp;<\/p>\n","protected":false},"author":5,"featured_media":0,"comment_status":"closed","ping_status":"open","sticky":false,"template":"","format":"standard","meta":{"_acf_changed":false,"neve_meta_sidebar":"","neve_meta_container":"","neve_meta_enable_content_width":"","neve_meta_content_width":0,"neve_meta_title_alignment":"","neve_meta_author_avatar":"","neve_post_elements_order":"","neve_meta_disable_header":"","neve_meta_disable_footer":"","neve_meta_disable_title":"","neve_meta_reading_time":"","_themeisle_gutenberg_block_has_review":false,"footnotes":""},"categories":[21],"tags":[],"class_list":["post-1920","post","type-post","status-publish","format-standard","hentry","category-freude"],"acf":[],"yoast_head":"<!-- This site is optimized with the Yoast SEO plugin v27.5 - https:\/\/yoast.com\/product\/yoast-seo-wordpress\/ -->\n<title>13.04.2025 - isi-beritt.com<\/title>\n<meta name=\"description\" content=\"Pferdegerechte Ausbildung, Anreiten und Beritt von Islandpferden, APM am Pferd, hilfe bei einem Problempferd\" \/>\n<meta name=\"robots\" content=\"index, follow, max-snippet:-1, max-image-preview:large, max-video-preview:-1\" \/>\n<link rel=\"canonical\" href=\"https:\/\/isi-beritt.com\/index.php\/13-04-2025\/\" \/>\n<meta property=\"og:locale\" content=\"de_DE\" \/>\n<meta property=\"og:type\" content=\"article\" \/>\n<meta property=\"og:title\" content=\"13.04.2025 - isi-beritt.com\" \/>\n<meta property=\"og:description\" content=\"Pferdegerechte Ausbildung, Anreiten und Beritt von Islandpferden, APM am Pferd, hilfe bei einem Problempferd\" \/>\n<meta property=\"og:url\" content=\"https:\/\/isi-beritt.com\/index.php\/13-04-2025\/\" \/>\n<meta property=\"og:site_name\" content=\"isi-beritt.com\" \/>\n<meta property=\"article:published_time\" content=\"2025-04-13T14:24:24+00:00\" \/>\n<meta property=\"article:modified_time\" content=\"2025-04-27T15:03:47+00:00\" \/>\n<meta name=\"author\" content=\"Gerhard Kiefer\" \/>\n<meta name=\"twitter:card\" content=\"summary_large_image\" \/>\n<meta name=\"twitter:label1\" content=\"Verfasst von\" \/>\n\t<meta name=\"twitter:data1\" content=\"Gerhard Kiefer\" \/>\n\t<meta name=\"twitter:label2\" content=\"Gesch\u00e4tzte Lesezeit\" \/>\n\t<meta name=\"twitter:data2\" content=\"1\u00a0Minute\" \/>\n<script type=\"application\/ld+json\" class=\"yoast-schema-graph\">{\"@context\":\"https:\\\/\\\/schema.org\",\"@graph\":[{\"@type\":\"Article\",\"@id\":\"https:\\\/\\\/isi-beritt.com\\\/index.php\\\/13-04-2025\\\/#article\",\"isPartOf\":{\"@id\":\"https:\\\/\\\/isi-beritt.com\\\/index.php\\\/13-04-2025\\\/\"},\"author\":{\"name\":\"Gerhard Kiefer\",\"@id\":\"https:\\\/\\\/isi-beritt.com\\\/#\\\/schema\\\/person\\\/e48616d35481717f1038617a1e2b9cdb\"},\"headline\":\"13.04.2025\",\"datePublished\":\"2025-04-13T14:24:24+00:00\",\"dateModified\":\"2025-04-27T15:03:47+00:00\",\"mainEntityOfPage\":{\"@id\":\"https:\\\/\\\/isi-beritt.com\\\/index.php\\\/13-04-2025\\\/\"},\"wordCount\":184,\"publisher\":{\"@id\":\"https:\\\/\\\/isi-beritt.com\\\/#organization\"},\"articleSection\":[\"Freude\"],\"inLanguage\":\"de\"},{\"@type\":\"WebPage\",\"@id\":\"https:\\\/\\\/isi-beritt.com\\\/index.php\\\/13-04-2025\\\/\",\"url\":\"https:\\\/\\\/isi-beritt.com\\\/index.php\\\/13-04-2025\\\/\",\"name\":\"13.04.2025 - isi-beritt.com\",\"isPartOf\":{\"@id\":\"https:\\\/\\\/isi-beritt.com\\\/#website\"},\"datePublished\":\"2025-04-13T14:24:24+00:00\",\"dateModified\":\"2025-04-27T15:03:47+00:00\",\"description\":\"Pferdegerechte Ausbildung, Anreiten und Beritt von Islandpferden, APM am Pferd, hilfe bei einem Problempferd\",\"breadcrumb\":{\"@id\":\"https:\\\/\\\/isi-beritt.com\\\/index.php\\\/13-04-2025\\\/#breadcrumb\"},\"inLanguage\":\"de\",\"potentialAction\":[{\"@type\":\"ReadAction\",\"target\":[\"https:\\\/\\\/isi-beritt.com\\\/index.php\\\/13-04-2025\\\/\"]}]},{\"@type\":\"BreadcrumbList\",\"@id\":\"https:\\\/\\\/isi-beritt.com\\\/index.php\\\/13-04-2025\\\/#breadcrumb\",\"itemListElement\":[{\"@type\":\"ListItem\",\"position\":1,\"name\":\"Startseite\",\"item\":\"https:\\\/\\\/isi-beritt.com\\\/\"},{\"@type\":\"ListItem\",\"position\":2,\"name\":\"Freude\",\"item\":\"https:\\\/\\\/isi-beritt.com\\\/index.php\\\/category\\\/freude\\\/\"},{\"@type\":\"ListItem\",\"position\":3,\"name\":\"13.04.2025\"}]},{\"@type\":\"WebSite\",\"@id\":\"https:\\\/\\\/isi-beritt.com\\\/#website\",\"url\":\"https:\\\/\\\/isi-beritt.com\\\/\",\"name\":\"isi-beritt.com\",\"description\":\"Pferdegerechte Ausbildung, Anreiten und Beritt von Pferden, Reitunterricht nach biomechanischen Grunds\u00e4tzen, APM am Pferd, Hilfe bei einem Problempferd\",\"publisher\":{\"@id\":\"https:\\\/\\\/isi-beritt.com\\\/#organization\"},\"potentialAction\":[{\"@type\":\"SearchAction\",\"target\":{\"@type\":\"EntryPoint\",\"urlTemplate\":\"https:\\\/\\\/isi-beritt.com\\\/?s={search_term_string}\"},\"query-input\":{\"@type\":\"PropertyValueSpecification\",\"valueRequired\":true,\"valueName\":\"search_term_string\"}}],\"inLanguage\":\"de\"},{\"@type\":\"Organization\",\"@id\":\"https:\\\/\\\/isi-beritt.com\\\/#organization\",\"name\":\"isi-beritt.com\",\"url\":\"https:\\\/\\\/isi-beritt.com\\\/\",\"logo\":{\"@type\":\"ImageObject\",\"inLanguage\":\"de\",\"@id\":\"https:\\\/\\\/isi-beritt.com\\\/#\\\/schema\\\/logo\\\/image\\\/\",\"url\":\"https:\\/\\/mlicc7hvrqis.i.optimole.com\\/w:180\\/h:150\\/q:mauto\\/f:best\\/ig:avif\\/https:\\/\\/isi-beritt.com\\/wp-content\\/uploads\\/2019\\/09\\/ISI_Tolt-frei.gif\",\"contentUrl\":\"https:\\/\\/mlicc7hvrqis.i.optimole.com\\/w:180\\/h:150\\/q:mauto\\/f:best\\/ig:avif\\/https:\\/\\/isi-beritt.com\\/wp-content\\/uploads\\/2019\\/09\\/ISI_Tolt-frei.gif\",\"width\":180,\"height\":150,\"caption\":\"isi-beritt.com\"},\"image\":{\"@id\":\"https:\\\/\\\/isi-beritt.com\\\/#\\\/schema\\\/logo\\\/image\\\/\"}},{\"@type\":\"Person\",\"@id\":\"https:\\\/\\\/isi-beritt.com\\\/#\\\/schema\\\/person\\\/e48616d35481717f1038617a1e2b9cdb\",\"name\":\"Gerhard Kiefer\",\"url\":\"https:\\\/\\\/isi-beritt.com\\\/index.php\\\/author\\\/adisi\\\/\"}]}<\/script>\n<!-- \/ Yoast SEO plugin. -->","yoast_head_json":{"title":"13.04.2025 - isi-beritt.com","description":"Pferdegerechte Ausbildung, Anreiten und Beritt von Islandpferden, APM am Pferd, hilfe bei einem Problempferd","robots":{"index":"index","follow":"follow","max-snippet":"max-snippet:-1","max-image-preview":"max-image-preview:large","max-video-preview":"max-video-preview:-1"},"canonical":"https:\/\/isi-beritt.com\/index.php\/13-04-2025\/","og_locale":"de_DE","og_type":"article","og_title":"13.04.2025 - isi-beritt.com","og_description":"Pferdegerechte Ausbildung, Anreiten und Beritt von Islandpferden, APM am Pferd, hilfe bei einem Problempferd","og_url":"https:\/\/isi-beritt.com\/index.php\/13-04-2025\/","og_site_name":"isi-beritt.com","article_published_time":"2025-04-13T14:24:24+00:00","article_modified_time":"2025-04-27T15:03:47+00:00","author":"Gerhard Kiefer","twitter_card":"summary_large_image","twitter_misc":{"Verfasst von":"Gerhard Kiefer","Gesch\u00e4tzte Lesezeit":"1\u00a0Minute"},"schema":{"@context":"https:\/\/schema.org","@graph":[{"@type":"Article","@id":"https:\/\/isi-beritt.com\/index.php\/13-04-2025\/#article","isPartOf":{"@id":"https:\/\/isi-beritt.com\/index.php\/13-04-2025\/"},"author":{"name":"Gerhard Kiefer","@id":"https:\/\/isi-beritt.com\/#\/schema\/person\/e48616d35481717f1038617a1e2b9cdb"},"headline":"13.04.2025","datePublished":"2025-04-13T14:24:24+00:00","dateModified":"2025-04-27T15:03:47+00:00","mainEntityOfPage":{"@id":"https:\/\/isi-beritt.com\/index.php\/13-04-2025\/"},"wordCount":184,"publisher":{"@id":"https:\/\/isi-beritt.com\/#organization"},"articleSection":["Freude"],"inLanguage":"de"},{"@type":"WebPage","@id":"https:\/\/isi-beritt.com\/index.php\/13-04-2025\/","url":"https:\/\/isi-beritt.com\/index.php\/13-04-2025\/","name":"13.04.2025 - isi-beritt.com","isPartOf":{"@id":"https:\/\/isi-beritt.com\/#website"},"datePublished":"2025-04-13T14:24:24+00:00","dateModified":"2025-04-27T15:03:47+00:00","description":"Pferdegerechte Ausbildung, Anreiten und Beritt von Islandpferden, APM am Pferd, hilfe bei einem Problempferd","breadcrumb":{"@id":"https:\/\/isi-beritt.com\/index.php\/13-04-2025\/#breadcrumb"},"inLanguage":"de","potentialAction":[{"@type":"ReadAction","target":["https:\/\/isi-beritt.com\/index.php\/13-04-2025\/"]}]},{"@type":"BreadcrumbList","@id":"https:\/\/isi-beritt.com\/index.php\/13-04-2025\/#breadcrumb","itemListElement":[{"@type":"ListItem","position":1,"name":"Startseite","item":"https:\/\/isi-beritt.com\/"},{"@type":"ListItem","position":2,"name":"Freude","item":"https:\/\/isi-beritt.com\/index.php\/category\/freude\/"},{"@type":"ListItem","position":3,"name":"13.04.2025"}]},{"@type":"WebSite","@id":"https:\/\/isi-beritt.com\/#website","url":"https:\/\/isi-beritt.com\/","name":"isi-beritt.com","description":"Pferdegerechte Ausbildung, Anreiten und Beritt von Pferden, Reitunterricht nach biomechanischen Grunds\u00e4tzen, APM am Pferd, Hilfe bei einem Problempferd","publisher":{"@id":"https:\/\/isi-beritt.com\/#organization"},"potentialAction":[{"@type":"SearchAction","target":{"@type":"EntryPoint","urlTemplate":"https:\/\/isi-beritt.com\/?s={search_term_string}"},"query-input":{"@type":"PropertyValueSpecification","valueRequired":true,"valueName":"search_term_string"}}],"inLanguage":"de"},{"@type":"Organization","@id":"https:\/\/isi-beritt.com\/#organization","name":"isi-beritt.com","url":"https:\/\/isi-beritt.com\/","logo":{"@type":"ImageObject","inLanguage":"de","@id":"https:\/\/isi-beritt.com\/#\/schema\/logo\/image\/","url":"https:\/\/mlicc7hvrqis.i.optimole.com\/w:180\/h:150\/q:mauto\/f:best\/ig:avif\/https:\/\/isi-beritt.com\/wp-content\/uploads\/2019\/09\/ISI_Tolt-frei.gif","contentUrl":"https:\/\/mlicc7hvrqis.i.optimole.com\/w:180\/h:150\/q:mauto\/f:best\/ig:avif\/https:\/\/isi-beritt.com\/wp-content\/uploads\/2019\/09\/ISI_Tolt-frei.gif","width":180,"height":150,"caption":"isi-beritt.com"},"image":{"@id":"https:\/\/isi-beritt.com\/#\/schema\/logo\/image\/"}},{"@type":"Person","@id":"https:\/\/isi-beritt.com\/#\/schema\/person\/e48616d35481717f1038617a1e2b9cdb","name":"Gerhard Kiefer","url":"https:\/\/isi-beritt.com\/index.php\/author\/adisi\/"}]}},"publishpress_future_action":{"enabled":false,"date":"2026-05-08 18:04:54","action":"change-status","newStatus":"draft","terms":[],"taxonomy":"category","extraData":[]},"publishpress_future_workflow_manual_trigger":{"enabledWorkflows":[]},"_links":{"self":[{"href":"https:\/\/isi-beritt.com\/index.php\/wp-json\/wp\/v2\/posts\/1920","targetHints":{"allow":["GET"]}}],"collection":[{"href":"https:\/\/isi-beritt.com\/index.php\/wp-json\/wp\/v2\/posts"}],"about":[{"href":"https:\/\/isi-beritt.com\/index.php\/wp-json\/wp\/v2\/types\/post"}],"author":[{"embeddable":true,"href":"https:\/\/isi-beritt.com\/index.php\/wp-json\/wp\/v2\/users\/5"}],"replies":[{"embeddable":true,"href":"https:\/\/isi-beritt.com\/index.php\/wp-json\/wp\/v2\/comments?post=1920"}],"version-history":[{"count":3,"href":"https:\/\/isi-beritt.com\/index.php\/wp-json\/wp\/v2\/posts\/1920\/revisions"}],"predecessor-version":[{"id":1930,"href":"https:\/\/isi-beritt.com\/index.php\/wp-json\/wp\/v2\/posts\/1920\/revisions\/1930"}],"wp:attachment":[{"href":"https:\/\/isi-beritt.com\/index.php\/wp-json\/wp\/v2\/media?parent=1920"}],"wp:term":[{"taxonomy":"category","embeddable":true,"href":"https:\/\/isi-beritt.com\/index.php\/wp-json\/wp\/v2\/categories?post=1920"},{"taxonomy":"post_tag","embeddable":true,"href":"https:\/\/isi-beritt.com\/index.php\/wp-json\/wp\/v2\/tags?post=1920"}],"curies":[{"name":"wp","href":"https:\/\/api.w.org\/{rel}","templated":true}]}}