{"id":338,"date":"2019-12-08T20:45:00","date_gmt":"2019-12-08T19:45:00","guid":{"rendered":"http:\/\/isi-beritt.homepage.t-online.de\/wordpress\/?page_id=338"},"modified":"2023-01-17T18:41:41","modified_gmt":"2023-01-17T17:41:41","slug":"isabelle-mit-kettlingur","status":"publish","type":"post","link":"https:\/\/isi-beritt.com\/index.php\/isabelle-mit-kettlingur\/","title":{"rendered":"Isabelle mit Kettlingur"},"content":{"rendered":"<div class=\"breadcrumbs align  wp-block-bcn-breadcrumb-trail has-text-color has-background\" vocab=\"https:\/\/schema.org\/\" typeof=\"BreadcrumbList\">\n\t<span><\/span>\n\t<span property=\"itemListElement\" typeof=\"ListItem\"><a property=\"item\" typeof=\"WebPage\" title=\"Go to isi-beritt.com.\" href=\"https:\/\/isi-beritt.com\" class=\"home\" aria-current=\"page\"><span property=\"name\">isi-beritt.com<\/span><\/a><meta property=\"position\" content=\"1\"><\/span><\/div>\n\n\n\n<p>&#8222;Ein bisschen schade ist es schon, dass wir umziehen werden. Auf dem neuen Hof sind leider nur eigene Reitlehrer gew\u00fcnscht. Nichtsdestotrotz danke ich Dir vielmals f\u00fcr deine Zeit und deinen Unterricht! Obwohl es nicht so oft war habe ich wirklich ordentlich was gelernt, und Ketti genauso. Ich m\u00f6chte auch noch anmerken dass er viel motivierter und lernfreudiger ans Reiten herangeht als vorher, und auch im Gel\u00e4nde ein angenehmerer Partner geworden ist. Aus seiner &#8222;Faulheit&#8220; wird immer h\u00e4ufiger ein zufriedenes und flei\u00dfiges Mitmachen, auch im Trab.<br>&nbsp;<\/p>\n\n\n<div class=\"wp-block-image\">\n<figure class=\"aligncenter size-large\"><img data-opt-id=596624973  fetchpriority=\"high\" decoding=\"async\" src=\"https:\/\/mlicc7hvrqis.i.optimole.com\/w:auto\/h:auto\/q:mauto\/f:best\/ig:avif\/https:\/\/isi-beritt.com\/wp-content\/uploads\/2019\/12\/20180910_130747_Kettlingur_HP.jpg\" alt=\"Kettlingur\"\/><\/figure>\n<\/div>\n\n\n<p>Ich w\u00fcnsche Dir noch ganz viele Pferde und Menschen, denen du weiterhelfen kannst, so wie Du es bei uns konntest.&#8220;&nbsp;<\/p>\n\n\n\n<p>Allerliebste Gr\u00fc\u00dfe,&nbsp;<br>Isa<\/p>\n","protected":false},"excerpt":{"rendered":"<p>&#8222;Ein bisschen schade ist es schon, dass wir umziehen werden. Auf dem neuen Hof sind leider nur eigene Reitlehrer gew\u00fcnscht. Nichtsdestotrotz danke ich Dir vielmals f\u00fcr deine Zeit und deinen Unterricht! Obwohl es nicht so oft war habe ich wirklich ordentlich was gelernt, und Ketti genauso. Ich m\u00f6chte auch noch anmerken dass er viel motivierter&hellip;&nbsp;<\/p>\n","protected":false},"author":4,"featured_media":583,"comment_status":"closed","ping_status":"closed","sticky":false,"template":"","format":"standard","meta":{"_acf_changed":false,"neve_meta_sidebar":"","neve_meta_container":"","neve_meta_enable_content_width":"","neve_meta_content_width":0,"neve_meta_title_alignment":"","neve_meta_author_avatar":"","neve_post_elements_order":"","neve_meta_disable_header":"","neve_meta_disable_footer":"","neve_meta_disable_title":"","neve_meta_reading_time":"","_themeisle_gutenberg_block_has_review":false,"footnotes":""},"categories":[1],"tags":[],"class_list":["post-338","post","type-post","status-publish","format-standard","has-post-thumbnail","hentry","category-foto-und-statements"],"acf":[],"yoast_head":"<!-- This site is optimized with the Yoast SEO plugin v27.4 - https:\/\/yoast.com\/product\/yoast-seo-wordpress\/ -->\n<title>Isabelle mit Kettlingur - isi-beritt.com<\/title>\n<meta name=\"description\" content=\"Pferdegerechte Ausbildung, Anreiten und Beritt von Islandpferden, APM am Pferd, hilfe bei einem Problempferd\" \/>\n<meta name=\"robots\" content=\"index, follow, max-snippet:-1, max-image-preview:large, max-video-preview:-1\" \/>\n<link rel=\"canonical\" href=\"https:\/\/isi-beritt.com\/index.php\/isabelle-mit-kettlingur\/\" \/>\n<meta property=\"og:locale\" content=\"de_DE\" \/>\n<meta property=\"og:type\" content=\"article\" \/>\n<meta property=\"og:title\" content=\"Isabelle mit Kettlingur - isi-beritt.com\" \/>\n<meta property=\"og:description\" content=\"Pferdegerechte Ausbildung, Anreiten und Beritt von Islandpferden, APM am Pferd, hilfe bei einem Problempferd\" \/>\n<meta property=\"og:url\" content=\"https:\/\/isi-beritt.com\/index.php\/isabelle-mit-kettlingur\/\" \/>\n<meta property=\"og:site_name\" content=\"isi-beritt.com\" \/>\n<meta property=\"article:published_time\" content=\"2019-12-08T19:45:00+00:00\" \/>\n<meta property=\"article:modified_time\" content=\"2023-01-17T17:41:41+00:00\" \/>\n<meta property=\"og:image\" content=\"https:\/\/mlicc7hvrqis.i.optimole.com\/w:auto\/h:auto\/q:mauto\/f:best\/ig:avif\/https:\/\/isi-beritt.com\/wp-content\/uploads\/2020\/01\/20180910_130747_Kettlingur.jpg\" \/>\n\t<meta property=\"og:image:width\" content=\"1200\" \/>\n\t<meta property=\"og:image:height\" content=\"900\" \/>\n\t<meta property=\"og:image:type\" content=\"image\/jpeg\" \/>\n<meta name=\"author\" content=\"Astrid\" \/>\n<meta name=\"twitter:card\" content=\"summary_large_image\" \/>\n<meta name=\"twitter:label1\" content=\"Verfasst von\" \/>\n\t<meta name=\"twitter:data1\" content=\"Astrid\" \/>\n\t<meta name=\"twitter:label2\" content=\"Gesch\u00e4tzte Lesezeit\" \/>\n\t<meta name=\"twitter:data2\" content=\"1\u00a0Minute\" \/>\n<script type=\"application\/ld+json\" class=\"yoast-schema-graph\">{\"@context\":\"https:\\\/\\\/schema.org\",\"@graph\":[{\"@type\":\"Article\",\"@id\":\"https:\\\/\\\/isi-beritt.com\\\/index.php\\\/isabelle-mit-kettlingur\\\/#article\",\"isPartOf\":{\"@id\":\"https:\\\/\\\/isi-beritt.com\\\/index.php\\\/isabelle-mit-kettlingur\\\/\"},\"author\":{\"name\":\"Astrid\",\"@id\":\"https:\\\/\\\/isi-beritt.com\\\/#\\\/schema\\\/person\\\/5dea156e5dc23be38c6002fd754d157a\"},\"headline\":\"Isabelle mit Kettlingur\",\"datePublished\":\"2019-12-08T19:45:00+00:00\",\"dateModified\":\"2023-01-17T17:41:41+00:00\",\"mainEntityOfPage\":{\"@id\":\"https:\\\/\\\/isi-beritt.com\\\/index.php\\\/isabelle-mit-kettlingur\\\/\"},\"wordCount\":122,\"publisher\":{\"@id\":\"https:\\\/\\\/isi-beritt.com\\\/#organization\"},\"image\":{\"@id\":\"https:\\\/\\\/isi-beritt.com\\\/index.php\\\/isabelle-mit-kettlingur\\\/#primaryimage\"},\"thumbnailUrl\":\"https:\\/\\/isi-beritt.com\\/wp-content\\/uploads\\/2020\\/01\\/20180910_130747_Kettlingur.jpg\",\"articleSection\":[\"Foto und Statements\"],\"inLanguage\":\"de\"},{\"@type\":\"WebPage\",\"@id\":\"https:\\\/\\\/isi-beritt.com\\\/index.php\\\/isabelle-mit-kettlingur\\\/\",\"url\":\"https:\\\/\\\/isi-beritt.com\\\/index.php\\\/isabelle-mit-kettlingur\\\/\",\"name\":\"Isabelle mit Kettlingur - isi-beritt.com\",\"isPartOf\":{\"@id\":\"https:\\\/\\\/isi-beritt.com\\\/#website\"},\"primaryImageOfPage\":{\"@id\":\"https:\\\/\\\/isi-beritt.com\\\/index.php\\\/isabelle-mit-kettlingur\\\/#primaryimage\"},\"image\":{\"@id\":\"https:\\\/\\\/isi-beritt.com\\\/index.php\\\/isabelle-mit-kettlingur\\\/#primaryimage\"},\"thumbnailUrl\":\"https:\\/\\/isi-beritt.com\\/wp-content\\/uploads\\/2020\\/01\\/20180910_130747_Kettlingur.jpg\",\"datePublished\":\"2019-12-08T19:45:00+00:00\",\"dateModified\":\"2023-01-17T17:41:41+00:00\",\"description\":\"Pferdegerechte Ausbildung, Anreiten und Beritt von Islandpferden, APM am Pferd, hilfe bei einem Problempferd\",\"breadcrumb\":{\"@id\":\"https:\\\/\\\/isi-beritt.com\\\/index.php\\\/isabelle-mit-kettlingur\\\/#breadcrumb\"},\"inLanguage\":\"de\",\"potentialAction\":[{\"@type\":\"ReadAction\",\"target\":[\"https:\\\/\\\/isi-beritt.com\\\/index.php\\\/isabelle-mit-kettlingur\\\/\"]}]},{\"@type\":\"ImageObject\",\"inLanguage\":\"de\",\"@id\":\"https:\\\/\\\/isi-beritt.com\\\/index.php\\\/isabelle-mit-kettlingur\\\/#primaryimage\",\"url\":\"https:\\/\\/isi-beritt.com\\/wp-content\\/uploads\\/2020\\/01\\/20180910_130747_Kettlingur.jpg\",\"contentUrl\":\"https:\\/\\/isi-beritt.com\\/wp-content\\/uploads\\/2020\\/01\\/20180910_130747_Kettlingur.jpg\",\"width\":1200,\"height\":900,\"caption\":\"Kettlingur auf Wiese\"},{\"@type\":\"BreadcrumbList\",\"@id\":\"https:\\\/\\\/isi-beritt.com\\\/index.php\\\/isabelle-mit-kettlingur\\\/#breadcrumb\",\"itemListElement\":[{\"@type\":\"ListItem\",\"position\":1,\"name\":\"Startseite\",\"item\":\"https:\\\/\\\/isi-beritt.com\\\/\"},{\"@type\":\"ListItem\",\"position\":2,\"name\":\"Fotos und Statements\",\"item\":\"https:\\\/\\\/isi-beritt.com\\\/index.php\\\/fotos-und-statements\\\/\"},{\"@type\":\"ListItem\",\"position\":3,\"name\":\"Isabelle mit Kettlingur\"}]},{\"@type\":\"WebSite\",\"@id\":\"https:\\\/\\\/isi-beritt.com\\\/#website\",\"url\":\"https:\\\/\\\/isi-beritt.com\\\/\",\"name\":\"isi-beritt.com\",\"description\":\"Pferdegerechte Ausbildung, Anreiten und Beritt von Pferden, Reitunterricht nach biomechanischen Grunds\u00e4tzen, APM am Pferd, Hilfe bei einem Problempferd\",\"publisher\":{\"@id\":\"https:\\\/\\\/isi-beritt.com\\\/#organization\"},\"potentialAction\":[{\"@type\":\"SearchAction\",\"target\":{\"@type\":\"EntryPoint\",\"urlTemplate\":\"https:\\\/\\\/isi-beritt.com\\\/?s={search_term_string}\"},\"query-input\":{\"@type\":\"PropertyValueSpecification\",\"valueRequired\":true,\"valueName\":\"search_term_string\"}}],\"inLanguage\":\"de\"},{\"@type\":\"Organization\",\"@id\":\"https:\\\/\\\/isi-beritt.com\\\/#organization\",\"name\":\"isi-beritt.com\",\"url\":\"https:\\\/\\\/isi-beritt.com\\\/\",\"logo\":{\"@type\":\"ImageObject\",\"inLanguage\":\"de\",\"@id\":\"https:\\\/\\\/isi-beritt.com\\\/#\\\/schema\\\/logo\\\/image\\\/\",\"url\":\"https:\\/\\/mlicc7hvrqis.i.optimole.com\\/w:180\\/h:150\\/q:mauto\\/f:best\\/ig:avif\\/https:\\/\\/isi-beritt.com\\/wp-content\\/uploads\\/2019\\/09\\/ISI_Tolt-frei.gif\",\"contentUrl\":\"https:\\/\\/mlicc7hvrqis.i.optimole.com\\/w:180\\/h:150\\/q:mauto\\/f:best\\/ig:avif\\/https:\\/\\/isi-beritt.com\\/wp-content\\/uploads\\/2019\\/09\\/ISI_Tolt-frei.gif\",\"width\":180,\"height\":150,\"caption\":\"isi-beritt.com\"},\"image\":{\"@id\":\"https:\\\/\\\/isi-beritt.com\\\/#\\\/schema\\\/logo\\\/image\\\/\"}},{\"@type\":\"Person\",\"@id\":\"https:\\\/\\\/isi-beritt.com\\\/#\\\/schema\\\/person\\\/5dea156e5dc23be38c6002fd754d157a\",\"name\":\"Astrid\",\"url\":\"https:\\\/\\\/isi-beritt.com\\\/index.php\\\/author\\\/isi_astrid\\\/\"}]}<\/script>\n<!-- \/ Yoast SEO plugin. -->","yoast_head_json":{"title":"Isabelle mit Kettlingur - isi-beritt.com","description":"Pferdegerechte Ausbildung, Anreiten und Beritt von Islandpferden, APM am Pferd, hilfe bei einem Problempferd","robots":{"index":"index","follow":"follow","max-snippet":"max-snippet:-1","max-image-preview":"max-image-preview:large","max-video-preview":"max-video-preview:-1"},"canonical":"https:\/\/isi-beritt.com\/index.php\/isabelle-mit-kettlingur\/","og_locale":"de_DE","og_type":"article","og_title":"Isabelle mit Kettlingur - isi-beritt.com","og_description":"Pferdegerechte Ausbildung, Anreiten und Beritt von Islandpferden, APM am Pferd, hilfe bei einem Problempferd","og_url":"https:\/\/isi-beritt.com\/index.php\/isabelle-mit-kettlingur\/","og_site_name":"isi-beritt.com","article_published_time":"2019-12-08T19:45:00+00:00","article_modified_time":"2023-01-17T17:41:41+00:00","og_image":[{"width":1200,"height":900,"url":"https:\/\/mlicc7hvrqis.i.optimole.com\/w:auto\/h:auto\/q:mauto\/f:best\/ig:avif\/https:\/\/isi-beritt.com\/wp-content\/uploads\/2020\/01\/20180910_130747_Kettlingur.jpg","type":"image\/jpeg"}],"author":"Astrid","twitter_card":"summary_large_image","twitter_misc":{"Verfasst von":"Astrid","Gesch\u00e4tzte Lesezeit":"1\u00a0Minute"},"schema":{"@context":"https:\/\/schema.org","@graph":[{"@type":"Article","@id":"https:\/\/isi-beritt.com\/index.php\/isabelle-mit-kettlingur\/#article","isPartOf":{"@id":"https:\/\/isi-beritt.com\/index.php\/isabelle-mit-kettlingur\/"},"author":{"name":"Astrid","@id":"https:\/\/isi-beritt.com\/#\/schema\/person\/5dea156e5dc23be38c6002fd754d157a"},"headline":"Isabelle mit Kettlingur","datePublished":"2019-12-08T19:45:00+00:00","dateModified":"2023-01-17T17:41:41+00:00","mainEntityOfPage":{"@id":"https:\/\/isi-beritt.com\/index.php\/isabelle-mit-kettlingur\/"},"wordCount":122,"publisher":{"@id":"https:\/\/isi-beritt.com\/#organization"},"image":{"@id":"https:\/\/isi-beritt.com\/index.php\/isabelle-mit-kettlingur\/#primaryimage"},"thumbnailUrl":"https:\/\/mlicc7hvrqis.i.optimole.com\/w:auto\/h:auto\/q:mauto\/f:best\/ig:avif\/https:\/\/isi-beritt.com\/wp-content\/uploads\/2020\/01\/20180910_130747_Kettlingur.jpg","articleSection":["Foto und Statements"],"inLanguage":"de"},{"@type":"WebPage","@id":"https:\/\/isi-beritt.com\/index.php\/isabelle-mit-kettlingur\/","url":"https:\/\/isi-beritt.com\/index.php\/isabelle-mit-kettlingur\/","name":"Isabelle mit Kettlingur - isi-beritt.com","isPartOf":{"@id":"https:\/\/isi-beritt.com\/#website"},"primaryImageOfPage":{"@id":"https:\/\/isi-beritt.com\/index.php\/isabelle-mit-kettlingur\/#primaryimage"},"image":{"@id":"https:\/\/isi-beritt.com\/index.php\/isabelle-mit-kettlingur\/#primaryimage"},"thumbnailUrl":"https:\/\/mlicc7hvrqis.i.optimole.com\/w:auto\/h:auto\/q:mauto\/f:best\/ig:avif\/https:\/\/isi-beritt.com\/wp-content\/uploads\/2020\/01\/20180910_130747_Kettlingur.jpg","datePublished":"2019-12-08T19:45:00+00:00","dateModified":"2023-01-17T17:41:41+00:00","description":"Pferdegerechte Ausbildung, Anreiten und Beritt von Islandpferden, APM am Pferd, hilfe bei einem Problempferd","breadcrumb":{"@id":"https:\/\/isi-beritt.com\/index.php\/isabelle-mit-kettlingur\/#breadcrumb"},"inLanguage":"de","potentialAction":[{"@type":"ReadAction","target":["https:\/\/isi-beritt.com\/index.php\/isabelle-mit-kettlingur\/"]}]},{"@type":"ImageObject","inLanguage":"de","@id":"https:\/\/isi-beritt.com\/index.php\/isabelle-mit-kettlingur\/#primaryimage","url":"https:\/\/mlicc7hvrqis.i.optimole.com\/w:auto\/h:auto\/q:mauto\/f:best\/ig:avif\/https:\/\/isi-beritt.com\/wp-content\/uploads\/2020\/01\/20180910_130747_Kettlingur.jpg","contentUrl":"https:\/\/mlicc7hvrqis.i.optimole.com\/w:auto\/h:auto\/q:mauto\/f:best\/ig:avif\/https:\/\/isi-beritt.com\/wp-content\/uploads\/2020\/01\/20180910_130747_Kettlingur.jpg","width":1200,"height":900,"caption":"Kettlingur auf Wiese"},{"@type":"BreadcrumbList","@id":"https:\/\/isi-beritt.com\/index.php\/isabelle-mit-kettlingur\/#breadcrumb","itemListElement":[{"@type":"ListItem","position":1,"name":"Startseite","item":"https:\/\/isi-beritt.com\/"},{"@type":"ListItem","position":2,"name":"Fotos und Statements","item":"https:\/\/isi-beritt.com\/index.php\/fotos-und-statements\/"},{"@type":"ListItem","position":3,"name":"Isabelle mit Kettlingur"}]},{"@type":"WebSite","@id":"https:\/\/isi-beritt.com\/#website","url":"https:\/\/isi-beritt.com\/","name":"isi-beritt.com","description":"Pferdegerechte Ausbildung, Anreiten und Beritt von Pferden, Reitunterricht nach biomechanischen Grunds\u00e4tzen, APM am Pferd, Hilfe bei einem Problempferd","publisher":{"@id":"https:\/\/isi-beritt.com\/#organization"},"potentialAction":[{"@type":"SearchAction","target":{"@type":"EntryPoint","urlTemplate":"https:\/\/isi-beritt.com\/?s={search_term_string}"},"query-input":{"@type":"PropertyValueSpecification","valueRequired":true,"valueName":"search_term_string"}}],"inLanguage":"de"},{"@type":"Organization","@id":"https:\/\/isi-beritt.com\/#organization","name":"isi-beritt.com","url":"https:\/\/isi-beritt.com\/","logo":{"@type":"ImageObject","inLanguage":"de","@id":"https:\/\/isi-beritt.com\/#\/schema\/logo\/image\/","url":"https:\/\/mlicc7hvrqis.i.optimole.com\/w:180\/h:150\/q:mauto\/f:best\/ig:avif\/https:\/\/isi-beritt.com\/wp-content\/uploads\/2019\/09\/ISI_Tolt-frei.gif","contentUrl":"https:\/\/mlicc7hvrqis.i.optimole.com\/w:180\/h:150\/q:mauto\/f:best\/ig:avif\/https:\/\/isi-beritt.com\/wp-content\/uploads\/2019\/09\/ISI_Tolt-frei.gif","width":180,"height":150,"caption":"isi-beritt.com"},"image":{"@id":"https:\/\/isi-beritt.com\/#\/schema\/logo\/image\/"}},{"@type":"Person","@id":"https:\/\/isi-beritt.com\/#\/schema\/person\/5dea156e5dc23be38c6002fd754d157a","name":"Astrid","url":"https:\/\/isi-beritt.com\/index.php\/author\/isi_astrid\/"}]}},"publishpress_future_action":{"enabled":false,"date":"2026-05-03 10:44:30","action":"change-status","newStatus":"draft","terms":[],"taxonomy":"category","extraData":[]},"publishpress_future_workflow_manual_trigger":{"enabledWorkflows":[]},"_links":{"self":[{"href":"https:\/\/isi-beritt.com\/index.php\/wp-json\/wp\/v2\/posts\/338","targetHints":{"allow":["GET"]}}],"collection":[{"href":"https:\/\/isi-beritt.com\/index.php\/wp-json\/wp\/v2\/posts"}],"about":[{"href":"https:\/\/isi-beritt.com\/index.php\/wp-json\/wp\/v2\/types\/post"}],"author":[{"embeddable":true,"href":"https:\/\/isi-beritt.com\/index.php\/wp-json\/wp\/v2\/users\/4"}],"replies":[{"embeddable":true,"href":"https:\/\/isi-beritt.com\/index.php\/wp-json\/wp\/v2\/comments?post=338"}],"version-history":[{"count":0,"href":"https:\/\/isi-beritt.com\/index.php\/wp-json\/wp\/v2\/posts\/338\/revisions"}],"wp:featuredmedia":[{"embeddable":true,"href":"https:\/\/isi-beritt.com\/index.php\/wp-json\/wp\/v2\/media\/583"}],"wp:attachment":[{"href":"https:\/\/isi-beritt.com\/index.php\/wp-json\/wp\/v2\/media?parent=338"}],"wp:term":[{"taxonomy":"category","embeddable":true,"href":"https:\/\/isi-beritt.com\/index.php\/wp-json\/wp\/v2\/categories?post=338"},{"taxonomy":"post_tag","embeddable":true,"href":"https:\/\/isi-beritt.com\/index.php\/wp-json\/wp\/v2\/tags?post=338"}],"curies":[{"name":"wp","href":"https:\/\/api.w.org\/{rel}","templated":true}]}}