{"id":376,"date":"2019-12-08T20:00:00","date_gmt":"2019-12-08T19:00:00","guid":{"rendered":"http:\/\/isi-beritt.homepage.t-online.de\/wordpress\/?page_id=376"},"modified":"2023-01-17T17:01:03","modified_gmt":"2023-01-17T16:01:03","slug":"birgit-mit-gigia-und-gryla","status":"publish","type":"post","link":"https:\/\/isi-beritt.com\/index.php\/birgit-mit-gigia-und-gryla\/","title":{"rendered":"Birgit mit Gigia und Gr\u00fdla"},"content":{"rendered":"<div class=\"breadcrumbs align  wp-block-bcn-breadcrumb-trail has-text-color has-background\" vocab=\"https:\/\/schema.org\/\" typeof=\"BreadcrumbList\">\n\t<span><\/span>\n\t<span property=\"itemListElement\" typeof=\"ListItem\"><a property=\"item\" typeof=\"WebPage\" title=\"Go to isi-beritt.com.\" href=\"https:\/\/isi-beritt.com\" class=\"home\" aria-current=\"page\"><span property=\"name\">isi-beritt.com<\/span><\/a><meta property=\"position\" content=\"1\"><\/span><\/div>\n\n\n<div class=\"wp-block-image\">\n<figure class=\"aligncenter size-large\"><img data-opt-id=1172290914  fetchpriority=\"high\" decoding=\"async\" src=\"https:\/\/mlicc7hvrqis.i.optimole.com\/w:auto\/h:auto\/q:mauto\/f:best\/ig:avif\/https:\/\/isi-beritt.com\/wp-content\/uploads\/2019\/12\/BirgitGigjaGryla.jpg\" alt=\"Birgit mit Gigia und Gr\u00fdla\"\/><figcaption class=\"wp-element-caption\"><em>Birgit mit Gr\u00fdla und Gigja \u2013 \u201efriends for life\u201c<\/em> <\/figcaption><\/figure>\n<\/div>\n\n\n<p> Meine beiden Islandstuten Gr\u00fdla und Gigja sind meine besten Freunde. Gr\u00fdla ist schon seit 16 Jahren bei mir und wir haben schon so viel zusammen erlebt. Wir vertrauen uns blind und k\u00f6nnen uns immer aufeinander verlassen. <\/p>\n\n\n\n<div class=\"wp-block-media-text alignwide has-media-on-the-right is-stacked-on-mobile\" style=\"grid-template-columns:auto 26%\"><div class=\"wp-block-media-text__content\">\n<p class=\"has-normal-font-size\"> Vor etwa einem Jahr ist die junge Gigja zu uns gesto\u00dfen. Sie befindet sich gerade in Ausbildung und lernt viel und das mit Eifer und Begeisterung. Dabei ist es mir sehr wichtig, dass im t\u00e4glichen Umgang mit meinen Pferden alles freundlich und (pferde-)verst\u00e4ndlich abl\u00e4uft. Ich w\u00fcnsche mir, dass die Pferde mir vertrauen und gerne mit mir zusammen arbeiten. Durch Astrid\u2019s Unterst\u00fctzung und Hilfe bei Gigja\u2019s Ausbildung wei\u00df ich, dass wir auf dem richtigen Weg sind, denn Gigja dankt es uns t\u00e4glich durch ihre Fortschritte und ihr kooperatives Verhalten. Jeden Tag darf ich mich auf Gr\u00fdla und Gigja freuen und kann die Zeit mit ihnen genie\u00dfen. <\/p>\n<\/div><figure class=\"wp-block-media-text__media\"><img data-opt-id=1249524262  fetchpriority=\"high\" decoding=\"async\" width=\"142\" height=\"145\" src=\"https:\/\/mlicc7hvrqis.i.optimole.com\/w:auto\/h:auto\/q:mauto\/f:best\/ig:avif\/https:\/\/isi-beritt.com\/wp-content\/uploads\/2020\/01\/Gryla.jpg\" alt=\"Gryla\" class=\"wp-image-601 size-full\"\/><\/figure><\/div>\n\n\n\n<p>Denn nur wenn wir Menschen uns den Pferden gegen\u00fcber freundlich und verst\u00e4ndlich verhalten, kann Vertrauen entstehen. F\u00fcr mich ist das das Wichtigste \u00fcberhaupt im Miteinander mit meinen Pferden. Ich w\u00fcnsche mir, dass mehr Menschen das erkennen \u2013 zum Wohl unserer Pferde.<\/p>\n\n\n\n<p>Dank Dir, liebe Astrid, f\u00fcr Deine Bereicherung und die Best\u00e4rkung meiner kleinen Pferdewelt.<\/p>\n","protected":false},"excerpt":{"rendered":"<p>Meine beiden Islandstuten Gr\u00fdla und Gigja sind meine besten Freunde. Gr\u00fdla ist schon seit 16 Jahren bei mir und wir haben schon so viel zusammen erlebt. Wir vertrauen uns blind und k\u00f6nnen uns immer aufeinander verlassen. Vor etwa einem Jahr ist die junge Gigja zu uns gesto\u00dfen. Sie befindet sich gerade in Ausbildung und lernt&hellip;&nbsp;<\/p>\n","protected":false},"author":4,"featured_media":559,"comment_status":"closed","ping_status":"closed","sticky":false,"template":"","format":"standard","meta":{"_acf_changed":false,"neve_meta_sidebar":"","neve_meta_container":"","neve_meta_enable_content_width":"","neve_meta_content_width":0,"neve_meta_title_alignment":"","neve_meta_author_avatar":"","neve_post_elements_order":"","neve_meta_disable_header":"","neve_meta_disable_footer":"","neve_meta_disable_title":"","neve_meta_reading_time":"","_themeisle_gutenberg_block_has_review":false,"footnotes":""},"categories":[1],"tags":[],"class_list":["post-376","post","type-post","status-publish","format-standard","has-post-thumbnail","hentry","category-foto-und-statements"],"acf":[],"yoast_head":"<!-- This site is optimized with the Yoast SEO plugin v27.5 - https:\/\/yoast.com\/product\/yoast-seo-wordpress\/ -->\n<title>Birgit mit Gigia und Gr\u00fdla - isi-beritt.com<\/title>\n<meta name=\"description\" content=\"Pferdegerechte Ausbildung, Anreiten und Beritt von Islandpferden, APM am Pferd, hilfe bei einem Problempferd\" \/>\n<meta name=\"robots\" content=\"index, follow, max-snippet:-1, max-image-preview:large, max-video-preview:-1\" \/>\n<link rel=\"canonical\" href=\"https:\/\/isi-beritt.com\/index.php\/birgit-mit-gigia-und-gryla\/\" \/>\n<meta property=\"og:locale\" content=\"de_DE\" \/>\n<meta property=\"og:type\" content=\"article\" \/>\n<meta property=\"og:title\" content=\"Birgit mit Gigia und Gr\u00fdla - isi-beritt.com\" \/>\n<meta property=\"og:description\" content=\"Pferdegerechte Ausbildung, Anreiten und Beritt von Islandpferden, APM am Pferd, hilfe bei einem Problempferd\" \/>\n<meta property=\"og:url\" content=\"https:\/\/isi-beritt.com\/index.php\/birgit-mit-gigia-und-gryla\/\" \/>\n<meta property=\"og:site_name\" content=\"isi-beritt.com\" \/>\n<meta property=\"article:published_time\" content=\"2019-12-08T19:00:00+00:00\" \/>\n<meta property=\"article:modified_time\" content=\"2023-01-17T16:01:03+00:00\" \/>\n<meta property=\"og:image\" content=\"https:\/\/mlicc7hvrqis.i.optimole.com\/w:auto\/h:auto\/q:mauto\/f:best\/ig:avif\/https:\/\/isi-beritt.com\/wp-content\/uploads\/2019\/12\/BirgitGigjaGryla.jpg\" \/>\n\t<meta property=\"og:image:width\" content=\"328\" \/>\n\t<meta property=\"og:image:height\" content=\"246\" \/>\n\t<meta property=\"og:image:type\" content=\"image\/jpeg\" \/>\n<meta name=\"author\" content=\"Astrid\" \/>\n<meta name=\"twitter:card\" content=\"summary_large_image\" \/>\n<meta name=\"twitter:label1\" content=\"Verfasst von\" \/>\n\t<meta name=\"twitter:data1\" content=\"Astrid\" \/>\n\t<meta name=\"twitter:label2\" content=\"Gesch\u00e4tzte Lesezeit\" \/>\n\t<meta name=\"twitter:data2\" content=\"2\u00a0Minuten\" \/>\n<script type=\"application\/ld+json\" class=\"yoast-schema-graph\">{\"@context\":\"https:\\\/\\\/schema.org\",\"@graph\":[{\"@type\":\"Article\",\"@id\":\"https:\\\/\\\/isi-beritt.com\\\/index.php\\\/birgit-mit-gigia-und-gryla\\\/#article\",\"isPartOf\":{\"@id\":\"https:\\\/\\\/isi-beritt.com\\\/index.php\\\/birgit-mit-gigia-und-gryla\\\/\"},\"author\":{\"name\":\"Astrid\",\"@id\":\"https:\\\/\\\/isi-beritt.com\\\/#\\\/schema\\\/person\\\/5dea156e5dc23be38c6002fd754d157a\"},\"headline\":\"Birgit mit Gigia und Gr\u00fdla\",\"datePublished\":\"2019-12-08T19:00:00+00:00\",\"dateModified\":\"2023-01-17T16:01:03+00:00\",\"mainEntityOfPage\":{\"@id\":\"https:\\\/\\\/isi-beritt.com\\\/index.php\\\/birgit-mit-gigia-und-gryla\\\/\"},\"wordCount\":229,\"publisher\":{\"@id\":\"https:\\\/\\\/isi-beritt.com\\\/#organization\"},\"image\":{\"@id\":\"https:\\\/\\\/isi-beritt.com\\\/index.php\\\/birgit-mit-gigia-und-gryla\\\/#primaryimage\"},\"thumbnailUrl\":\"https:\\/\\/isi-beritt.com\\/wp-content\\/uploads\\/2019\\/12\\/BirgitGigjaGryla.jpg\",\"articleSection\":[\"Foto und Statements\"],\"inLanguage\":\"de\"},{\"@type\":\"WebPage\",\"@id\":\"https:\\\/\\\/isi-beritt.com\\\/index.php\\\/birgit-mit-gigia-und-gryla\\\/\",\"url\":\"https:\\\/\\\/isi-beritt.com\\\/index.php\\\/birgit-mit-gigia-und-gryla\\\/\",\"name\":\"Birgit mit Gigia und Gr\u00fdla - isi-beritt.com\",\"isPartOf\":{\"@id\":\"https:\\\/\\\/isi-beritt.com\\\/#website\"},\"primaryImageOfPage\":{\"@id\":\"https:\\\/\\\/isi-beritt.com\\\/index.php\\\/birgit-mit-gigia-und-gryla\\\/#primaryimage\"},\"image\":{\"@id\":\"https:\\\/\\\/isi-beritt.com\\\/index.php\\\/birgit-mit-gigia-und-gryla\\\/#primaryimage\"},\"thumbnailUrl\":\"https:\\/\\/isi-beritt.com\\/wp-content\\/uploads\\/2019\\/12\\/BirgitGigjaGryla.jpg\",\"datePublished\":\"2019-12-08T19:00:00+00:00\",\"dateModified\":\"2023-01-17T16:01:03+00:00\",\"description\":\"Pferdegerechte Ausbildung, Anreiten und Beritt von Islandpferden, APM am Pferd, hilfe bei einem Problempferd\",\"breadcrumb\":{\"@id\":\"https:\\\/\\\/isi-beritt.com\\\/index.php\\\/birgit-mit-gigia-und-gryla\\\/#breadcrumb\"},\"inLanguage\":\"de\",\"potentialAction\":[{\"@type\":\"ReadAction\",\"target\":[\"https:\\\/\\\/isi-beritt.com\\\/index.php\\\/birgit-mit-gigia-und-gryla\\\/\"]}]},{\"@type\":\"ImageObject\",\"inLanguage\":\"de\",\"@id\":\"https:\\\/\\\/isi-beritt.com\\\/index.php\\\/birgit-mit-gigia-und-gryla\\\/#primaryimage\",\"url\":\"https:\\/\\/isi-beritt.com\\/wp-content\\/uploads\\/2019\\/12\\/BirgitGigjaGryla.jpg\",\"contentUrl\":\"https:\\/\\/isi-beritt.com\\/wp-content\\/uploads\\/2019\\/12\\/BirgitGigjaGryla.jpg\",\"width\":328,\"height\":246,\"caption\":\"Birgit mit Gigja und Gryla\"},{\"@type\":\"BreadcrumbList\",\"@id\":\"https:\\\/\\\/isi-beritt.com\\\/index.php\\\/birgit-mit-gigia-und-gryla\\\/#breadcrumb\",\"itemListElement\":[{\"@type\":\"ListItem\",\"position\":1,\"name\":\"Startseite\",\"item\":\"https:\\\/\\\/isi-beritt.com\\\/\"},{\"@type\":\"ListItem\",\"position\":2,\"name\":\"Fotos und Statements\",\"item\":\"https:\\\/\\\/isi-beritt.com\\\/index.php\\\/fotos-und-statements\\\/\"},{\"@type\":\"ListItem\",\"position\":3,\"name\":\"Birgit mit Gigia und Gr\u00fdla\"}]},{\"@type\":\"WebSite\",\"@id\":\"https:\\\/\\\/isi-beritt.com\\\/#website\",\"url\":\"https:\\\/\\\/isi-beritt.com\\\/\",\"name\":\"isi-beritt.com\",\"description\":\"Pferdegerechte Ausbildung, Anreiten und Beritt von Pferden, Reitunterricht nach biomechanischen Grunds\u00e4tzen, APM am Pferd, Hilfe bei einem Problempferd\",\"publisher\":{\"@id\":\"https:\\\/\\\/isi-beritt.com\\\/#organization\"},\"potentialAction\":[{\"@type\":\"SearchAction\",\"target\":{\"@type\":\"EntryPoint\",\"urlTemplate\":\"https:\\\/\\\/isi-beritt.com\\\/?s={search_term_string}\"},\"query-input\":{\"@type\":\"PropertyValueSpecification\",\"valueRequired\":true,\"valueName\":\"search_term_string\"}}],\"inLanguage\":\"de\"},{\"@type\":\"Organization\",\"@id\":\"https:\\\/\\\/isi-beritt.com\\\/#organization\",\"name\":\"isi-beritt.com\",\"url\":\"https:\\\/\\\/isi-beritt.com\\\/\",\"logo\":{\"@type\":\"ImageObject\",\"inLanguage\":\"de\",\"@id\":\"https:\\\/\\\/isi-beritt.com\\\/#\\\/schema\\\/logo\\\/image\\\/\",\"url\":\"https:\\/\\/mlicc7hvrqis.i.optimole.com\\/w:180\\/h:150\\/q:mauto\\/f:best\\/ig:avif\\/https:\\/\\/isi-beritt.com\\/wp-content\\/uploads\\/2019\\/09\\/ISI_Tolt-frei.gif\",\"contentUrl\":\"https:\\/\\/mlicc7hvrqis.i.optimole.com\\/w:180\\/h:150\\/q:mauto\\/f:best\\/ig:avif\\/https:\\/\\/isi-beritt.com\\/wp-content\\/uploads\\/2019\\/09\\/ISI_Tolt-frei.gif\",\"width\":180,\"height\":150,\"caption\":\"isi-beritt.com\"},\"image\":{\"@id\":\"https:\\\/\\\/isi-beritt.com\\\/#\\\/schema\\\/logo\\\/image\\\/\"}},{\"@type\":\"Person\",\"@id\":\"https:\\\/\\\/isi-beritt.com\\\/#\\\/schema\\\/person\\\/5dea156e5dc23be38c6002fd754d157a\",\"name\":\"Astrid\",\"url\":\"https:\\\/\\\/isi-beritt.com\\\/index.php\\\/author\\\/isi_astrid\\\/\"}]}<\/script>\n<!-- \/ Yoast SEO plugin. -->","yoast_head_json":{"title":"Birgit mit Gigia und Gr\u00fdla - isi-beritt.com","description":"Pferdegerechte Ausbildung, Anreiten und Beritt von Islandpferden, APM am Pferd, hilfe bei einem Problempferd","robots":{"index":"index","follow":"follow","max-snippet":"max-snippet:-1","max-image-preview":"max-image-preview:large","max-video-preview":"max-video-preview:-1"},"canonical":"https:\/\/isi-beritt.com\/index.php\/birgit-mit-gigia-und-gryla\/","og_locale":"de_DE","og_type":"article","og_title":"Birgit mit Gigia und Gr\u00fdla - isi-beritt.com","og_description":"Pferdegerechte Ausbildung, Anreiten und Beritt von Islandpferden, APM am Pferd, hilfe bei einem Problempferd","og_url":"https:\/\/isi-beritt.com\/index.php\/birgit-mit-gigia-und-gryla\/","og_site_name":"isi-beritt.com","article_published_time":"2019-12-08T19:00:00+00:00","article_modified_time":"2023-01-17T16:01:03+00:00","og_image":[{"width":328,"height":246,"url":"https:\/\/mlicc7hvrqis.i.optimole.com\/w:auto\/h:auto\/q:mauto\/f:best\/ig:avif\/https:\/\/isi-beritt.com\/wp-content\/uploads\/2019\/12\/BirgitGigjaGryla.jpg","type":"image\/jpeg"}],"author":"Astrid","twitter_card":"summary_large_image","twitter_misc":{"Verfasst von":"Astrid","Gesch\u00e4tzte Lesezeit":"2\u00a0Minuten"},"schema":{"@context":"https:\/\/schema.org","@graph":[{"@type":"Article","@id":"https:\/\/isi-beritt.com\/index.php\/birgit-mit-gigia-und-gryla\/#article","isPartOf":{"@id":"https:\/\/isi-beritt.com\/index.php\/birgit-mit-gigia-und-gryla\/"},"author":{"name":"Astrid","@id":"https:\/\/isi-beritt.com\/#\/schema\/person\/5dea156e5dc23be38c6002fd754d157a"},"headline":"Birgit mit Gigia und Gr\u00fdla","datePublished":"2019-12-08T19:00:00+00:00","dateModified":"2023-01-17T16:01:03+00:00","mainEntityOfPage":{"@id":"https:\/\/isi-beritt.com\/index.php\/birgit-mit-gigia-und-gryla\/"},"wordCount":229,"publisher":{"@id":"https:\/\/isi-beritt.com\/#organization"},"image":{"@id":"https:\/\/isi-beritt.com\/index.php\/birgit-mit-gigia-und-gryla\/#primaryimage"},"thumbnailUrl":"https:\/\/mlicc7hvrqis.i.optimole.com\/w:auto\/h:auto\/q:mauto\/f:best\/ig:avif\/https:\/\/isi-beritt.com\/wp-content\/uploads\/2019\/12\/BirgitGigjaGryla.jpg","articleSection":["Foto und Statements"],"inLanguage":"de"},{"@type":"WebPage","@id":"https:\/\/isi-beritt.com\/index.php\/birgit-mit-gigia-und-gryla\/","url":"https:\/\/isi-beritt.com\/index.php\/birgit-mit-gigia-und-gryla\/","name":"Birgit mit Gigia und Gr\u00fdla - isi-beritt.com","isPartOf":{"@id":"https:\/\/isi-beritt.com\/#website"},"primaryImageOfPage":{"@id":"https:\/\/isi-beritt.com\/index.php\/birgit-mit-gigia-und-gryla\/#primaryimage"},"image":{"@id":"https:\/\/isi-beritt.com\/index.php\/birgit-mit-gigia-und-gryla\/#primaryimage"},"thumbnailUrl":"https:\/\/mlicc7hvrqis.i.optimole.com\/w:auto\/h:auto\/q:mauto\/f:best\/ig:avif\/https:\/\/isi-beritt.com\/wp-content\/uploads\/2019\/12\/BirgitGigjaGryla.jpg","datePublished":"2019-12-08T19:00:00+00:00","dateModified":"2023-01-17T16:01:03+00:00","description":"Pferdegerechte Ausbildung, Anreiten und Beritt von Islandpferden, APM am Pferd, hilfe bei einem Problempferd","breadcrumb":{"@id":"https:\/\/isi-beritt.com\/index.php\/birgit-mit-gigia-und-gryla\/#breadcrumb"},"inLanguage":"de","potentialAction":[{"@type":"ReadAction","target":["https:\/\/isi-beritt.com\/index.php\/birgit-mit-gigia-und-gryla\/"]}]},{"@type":"ImageObject","inLanguage":"de","@id":"https:\/\/isi-beritt.com\/index.php\/birgit-mit-gigia-und-gryla\/#primaryimage","url":"https:\/\/mlicc7hvrqis.i.optimole.com\/w:auto\/h:auto\/q:mauto\/f:best\/ig:avif\/https:\/\/isi-beritt.com\/wp-content\/uploads\/2019\/12\/BirgitGigjaGryla.jpg","contentUrl":"https:\/\/mlicc7hvrqis.i.optimole.com\/w:auto\/h:auto\/q:mauto\/f:best\/ig:avif\/https:\/\/isi-beritt.com\/wp-content\/uploads\/2019\/12\/BirgitGigjaGryla.jpg","width":328,"height":246,"caption":"Birgit mit Gigja und Gryla"},{"@type":"BreadcrumbList","@id":"https:\/\/isi-beritt.com\/index.php\/birgit-mit-gigia-und-gryla\/#breadcrumb","itemListElement":[{"@type":"ListItem","position":1,"name":"Startseite","item":"https:\/\/isi-beritt.com\/"},{"@type":"ListItem","position":2,"name":"Fotos und Statements","item":"https:\/\/isi-beritt.com\/index.php\/fotos-und-statements\/"},{"@type":"ListItem","position":3,"name":"Birgit mit Gigia und Gr\u00fdla"}]},{"@type":"WebSite","@id":"https:\/\/isi-beritt.com\/#website","url":"https:\/\/isi-beritt.com\/","name":"isi-beritt.com","description":"Pferdegerechte Ausbildung, Anreiten und Beritt von Pferden, Reitunterricht nach biomechanischen Grunds\u00e4tzen, APM am Pferd, Hilfe bei einem Problempferd","publisher":{"@id":"https:\/\/isi-beritt.com\/#organization"},"potentialAction":[{"@type":"SearchAction","target":{"@type":"EntryPoint","urlTemplate":"https:\/\/isi-beritt.com\/?s={search_term_string}"},"query-input":{"@type":"PropertyValueSpecification","valueRequired":true,"valueName":"search_term_string"}}],"inLanguage":"de"},{"@type":"Organization","@id":"https:\/\/isi-beritt.com\/#organization","name":"isi-beritt.com","url":"https:\/\/isi-beritt.com\/","logo":{"@type":"ImageObject","inLanguage":"de","@id":"https:\/\/isi-beritt.com\/#\/schema\/logo\/image\/","url":"https:\/\/mlicc7hvrqis.i.optimole.com\/w:180\/h:150\/q:mauto\/f:best\/ig:avif\/https:\/\/isi-beritt.com\/wp-content\/uploads\/2019\/09\/ISI_Tolt-frei.gif","contentUrl":"https:\/\/mlicc7hvrqis.i.optimole.com\/w:180\/h:150\/q:mauto\/f:best\/ig:avif\/https:\/\/isi-beritt.com\/wp-content\/uploads\/2019\/09\/ISI_Tolt-frei.gif","width":180,"height":150,"caption":"isi-beritt.com"},"image":{"@id":"https:\/\/isi-beritt.com\/#\/schema\/logo\/image\/"}},{"@type":"Person","@id":"https:\/\/isi-beritt.com\/#\/schema\/person\/5dea156e5dc23be38c6002fd754d157a","name":"Astrid","url":"https:\/\/isi-beritt.com\/index.php\/author\/isi_astrid\/"}]}},"publishpress_future_action":{"enabled":false,"date":"2026-05-06 03:37:16","action":"change-status","newStatus":"draft","terms":[],"taxonomy":"category","extraData":[]},"publishpress_future_workflow_manual_trigger":{"enabledWorkflows":[]},"_links":{"self":[{"href":"https:\/\/isi-beritt.com\/index.php\/wp-json\/wp\/v2\/posts\/376","targetHints":{"allow":["GET"]}}],"collection":[{"href":"https:\/\/isi-beritt.com\/index.php\/wp-json\/wp\/v2\/posts"}],"about":[{"href":"https:\/\/isi-beritt.com\/index.php\/wp-json\/wp\/v2\/types\/post"}],"author":[{"embeddable":true,"href":"https:\/\/isi-beritt.com\/index.php\/wp-json\/wp\/v2\/users\/4"}],"replies":[{"embeddable":true,"href":"https:\/\/isi-beritt.com\/index.php\/wp-json\/wp\/v2\/comments?post=376"}],"version-history":[{"count":0,"href":"https:\/\/isi-beritt.com\/index.php\/wp-json\/wp\/v2\/posts\/376\/revisions"}],"wp:featuredmedia":[{"embeddable":true,"href":"https:\/\/isi-beritt.com\/index.php\/wp-json\/wp\/v2\/media\/559"}],"wp:attachment":[{"href":"https:\/\/isi-beritt.com\/index.php\/wp-json\/wp\/v2\/media?parent=376"}],"wp:term":[{"taxonomy":"category","embeddable":true,"href":"https:\/\/isi-beritt.com\/index.php\/wp-json\/wp\/v2\/categories?post=376"},{"taxonomy":"post_tag","embeddable":true,"href":"https:\/\/isi-beritt.com\/index.php\/wp-json\/wp\/v2\/tags?post=376"}],"curies":[{"name":"wp","href":"https:\/\/api.w.org\/{rel}","templated":true}]}}